{"id":7984,"date":"2024-09-03T13:02:17","date_gmt":"2024-09-03T13:02:17","guid":{"rendered":"https:\/\/puigvelaclassica.com\/the-17th-edition-of-the-puig-vela-classica-regatta-sets-sail\/"},"modified":"2024-09-03T13:07:55","modified_gmt":"2024-09-03T13:07:55","slug":"17a-edicion-de-la-regata-puig-vela-classica","status":"publish","type":"post","link":"https:\/\/www.puigvelaclassicabarcelona.com\/es\/17a-edicion-de-la-regata-puig-vela-classica\/","title":{"rendered":"Larga amarras la 17\u00aa edici\u00f3n de la regata Puig Vela Cl\u00e0ssica"},"content":{"rendered":"<h4>Vanguardia y tradici\u00f3n n\u00e1utica se integran en unas jornadas irrepetibles sobre las aguas de Barcelona.<\/h4>\n<p><strong>\u2022 El izado de velas de la XVII Edici\u00f3n lo llevar\u00e1 a cabo ma\u00f1ana la m\u00edtica clase 12M, \u201clos cl\u00e1sicos\u201d de la America\u00b4s Cup, compitiendo en la que ser\u00e1 la primera jornada de la regata. <\/strong><br \/>\n<strong>\u2022 La Puig Vela Cl\u00e0ssica es la primera prueba de las Premier Regatta Series que forman parte del evento 37 America\u2019s Cup.<\/strong><br \/>\n<strong>\u2022 La Puig Vela Cl\u00e1ssica rompe todos los r\u00e9cords de participaci\u00f3n: 77 veleros de 17 pa\u00edses inscritos en la mayor cita hist\u00f3rica de yates de \u00e9poca celebrada en Espa\u00f1a.<\/strong><br \/>\n<strong>\u2022 El contraste entre la elegancia cl\u00e1sica y la vanguardia de los barcos con foils, en el escenario de la 37\u00aa Copa Am\u00e9rica en Barcelona, promete un espect\u00e1culo \u00fanico e impresionante.<\/strong><\/p>\n<p>Ma\u00f1ana arranca la tan esperada XVII Edici\u00f3n de la Regata Puig Vela Cl\u00e0ssica Barcelona, el evento de referencia para los entusiastas de la n\u00e1utica cl\u00e1sica en el Mediterr\u00e1neo. Desde el 4 hasta el 7 de septiembre, el Real Club N\u00e1utico de Barcelona y la costa barcelonesa se llenar\u00e1n de historia y encanto. Estas aut\u00e9nticas obras de arte de los siglos XIX y XX estar\u00e1n tripuladas por m\u00e1s de 900 regatistas de 14 nacionalidades diferentes.<\/p>\n<p>La XVII edici\u00f3n de la regata barcelonesa inaugura las Premier Regatta Series organizadas por el Real Club N\u00e1utico de Barcelona y America\u2019s Cup Event (ACE), en el contexto del evento de la 37\u00aa America\u2019s Cup.<\/p>\n<p>La Regata Puig, establecida como uno de los eventos m\u00e1s destacados de la navegaci\u00f3n cl\u00e1sica en el Mediterr\u00e1neo y a nivel internacional, convoca a la \u00e9lite de la vela tradicional para exhibir la belleza y el estilo de estas embarcaciones. Barcelona es la \u00fanica capital internacional que acoge un evento de estas caracter\u00edsticas, y su reconocimiento mundial crece edici\u00f3n tras edici\u00f3n.<\/p>\n<p>A lo largo de las cuatro pr\u00f3ximas jornadas, barceloneses, turistas y los miles de aficionados a la n\u00e1utica llegados a este a\u00f1o fundamental para Barcelona podr\u00e1n deleitarse con un espect\u00e1culo n\u00e1utico inigualable. La competici\u00f3n transformar\u00e1 las aguas catalanas en un escenario de aut\u00e9ntica tradici\u00f3n marinera, ofreciendo una experiencia inolvidable.<\/p>\n<h5>EL REGRESO M\u00c1S ESPERADO: LA CATEGOR\u00cdA 12M<\/h5>\n<p>En este 2024, como gran novedad, y de manera excepcional, regresa la clase de 12M, legendaria categor\u00eda dentro de la America\u00b4s Cup y que ya celebr\u00f3 su Campeonato Mundial en 2014 integrado en la VII Puig Vela Cl\u00e0ssica Barcelona, con motivo del 100 aniversario de la firma Puig. La categor\u00eda 12 Metros corresponde a una flota selecta de m\u00edticos barcos y navegantes de un periodo excepcional de la America\u00b4s Cup, entre 1958 y 1987, que proporcion\u00f3 algunos de los duelos m\u00e1s significativos de la historia de este prestigioso trofeo en el siglo XX.<\/p>\n<p>Hasta 13 embarcaciones de la Clase 12M se ver\u00e1n las caras en las costas de Barcelona, asegurando una mayor competitividad y espect\u00e1culo para todos aquellos seguidores de esta legendaria categor\u00eda. A diferencia del resto de categor\u00edas de la Puig Vela Cl\u00e1ssica, los 12M celebran sus pruebas en tiempo real, es decir, sin h\u00e1ndicap de tiempo, resultando vencedor el primero en rebasar la l\u00ednea de llegada.<\/p>\n<p>Entre las embarcaciones que competir\u00e1n ma\u00f1ana en la primera jornada destacan los recientes ganadores del Campeonato Mundial de la clase celebrado el pasado junio en Porquerolles (Francia), Kookaburra II (KA12) y Northern Light (US14). Junto a ellos, embarcaciones tan significadas en la historia como South Australia (KA-8) aspirante a defensor de la America\u2019s Cup en 1987 en Perth; French Kiss, challenger franc\u00e9s en esa misma edici\u00f3n; Kiwi Magic (1986), el primer 12M construido con fibra y vencedor en 35 de 36 regatas bajo la tutela del legendario Chis Dickson y con varios campeonatos del mundo de esta clase en sus velas, adem\u00e1s de Seas of Porto (1935) y VIM (1939), que ya participaron en la Puig Vela Cl\u00e0ssica en 2014.<\/p>\n<p><img loading=\"lazy\" decoding=\"async\" class=\"alignnone size-full wp-image-7980\" src=\"https:\/\/hundreds-wordpress-uploads.s3.amazonaws.com\/velaclassica\/uploads\/2024\/09\/Photo-by-Nico-Martinez.jpg\" alt=\"17th edition of the Puig Vela Cl\u00e0ssica \" width=\"1960\" height=\"1131\" srcset=\"https:\/\/hundreds-wordpress-uploads.s3.amazonaws.com\/velaclassica\/uploads\/2024\/09\/Photo-by-Nico-Martinez.jpg 1960w, https:\/\/hundreds-wordpress-uploads.s3.amazonaws.com\/velaclassica\/uploads\/2024\/09\/Photo-by-Nico-Martinez-300x173.jpg 300w, https:\/\/hundreds-wordpress-uploads.s3.amazonaws.com\/velaclassica\/uploads\/2024\/09\/Photo-by-Nico-Martinez-1024x591.jpg 1024w, https:\/\/hundreds-wordpress-uploads.s3.amazonaws.com\/velaclassica\/uploads\/2024\/09\/Photo-by-Nico-Martinez-768x443.jpg 768w, https:\/\/hundreds-wordpress-uploads.s3.amazonaws.com\/velaclassica\/uploads\/2024\/09\/Photo-by-Nico-Martinez-1536x886.jpg 1536w\" sizes=\"auto, (max-width: 1960px) 100vw, 1960px\" \/><\/p>\n<h5>UN CHOQUE DE \u00c9POCAS: LOS CL\u00c1SICOS CENTENARIOS DE MADERA Y BRONCE DE LA PUIG VELA CL\u00c0SSICA Y LAS \u00daLTIMAS TECNOLOG\u00cdAS DE LA 37\u00aa COPA AM\u00c9RICA EN EL MISMO ESCENARIO<\/h5>\n<p>Una edici\u00f3n m\u00e1s -y con esta ya son diecisiete desde la primera en 2008-, los mejores veleros cl\u00e1sicos internacionales y sus tripulaciones se dar\u00e1n cita en la Puig Vela Cl\u00e0ssica.<\/p>\n<p>En esta ocasi\u00f3n las fechas de la regata de cl\u00e1sicos de este a\u00f1o coinciden en el campo de regatas barcelon\u00e9s con las de las eliminatorias previas de la Luis Vuitton Cup: el contraste entre la elegancia de los veleros cl\u00e1sicos -muchos de ellos centenarios- y la vanguardia de los barcos con foils que coincidir\u00e1n en el escenario de la 37\u00aa Copa Am\u00e9rica, proporcionar\u00e1 im\u00e1genes espectaculares nunca registradas anteriormente.<\/p>\n<p>Entre los barcos inscritos en esta hist\u00f3rica edici\u00f3n destacan, Argyll, Argos, Ojal\u00e1 II, Legolas, Viveka, y Disparate triunfadores de la XVI edici\u00f3n, adem\u00e1s de varios ganadores de a\u00f1os anteriores, as\u00ed como cl\u00e1sicos emblem\u00e1ticos del circuito internacional de regatas. Esta ser\u00e1 la primera vez en la que los tres veleros de la m\u00edtica clase de los 15 MJI , embarcaciones de dise\u00f1o ic\u00f3nico de William Fife III: Mariska, Lady Anne y Tuiga. Este \u00faltimo, construido en 1909, adquiri\u00f3 especial notoriedad cuando, en 1994, el Pr\u00edncipe Alberto de M\u00f3naco, en su calidad de presidente del Club de Vela de M\u00f3naco, decidi\u00f3 adquirirlo bajo la asesor\u00eda en su restauraci\u00f3n del legendario navegante Eric Tabarly.<\/p>\n<p>Organizado en su vertiente deportiva por el prestigioso Real Club N\u00e1utico de Barcelona, la Puig Vela Cl\u00e0ssica no solo es un despliegue de destreza n\u00e1utica y un verdadero museo flotante para ser admirado y disfrutado por miles de personas, sino que transmite un importante mensaje de respeto medioambiental, en l\u00ednea con los valores de sostenibilidad de Puig. Con estrictas normativas que aseguran el uso de materiales tradicionales (maderas, bronces, algod\u00f3n, c\u00e1\u00f1amo\u2026) y la navegaci\u00f3n a vela, la regata se erige como un ejemplo de armon\u00eda con el entorno natural.<\/p>\n<h5>PROGRAMAS, CAMPOS DE REGATA Y METEOROLOG\u00cdA<\/h5>\n<p>La flota de 77 barcos participantes competir\u00e1 frente al litoral barcelon\u00e9s, con salidas programadas a las 13:00 horas mi\u00e9rcoles y jueves; y a las 12:00 horas viernes y s\u00e1bado. Repartidos en las dos categor\u00edas Grand Prix y Vintage los 12 Metros navegar\u00e1n hasta un m\u00e1ximo de 12 pruebas, pudiendo descartar un resultado a partir de la quinta. Las categor\u00edas Big Boat (10 participantes), \u00c9poca Bermudiana (11 barcos) y Cangreja (11 competidores) Cl\u00e1sico (21 barcos), Cl\u00e1sico IOR (7 inscritos) y Modern Classic (4 competidores) disputar\u00e1n tres pruebas en alguno de los 10 recorridos previstos elegido por el comit\u00e9 de regatas, con distancias entre 18,90 y 11,60 millas n\u00e1uticas.<\/p>\n<p>Las condiciones esperadas durante los cuatro d\u00edas de la regata Puig Vela Cl\u00e1ssica ser\u00e1n variadas, con buen viento para competir. Enric Agud, meteor\u00f3logo de la regata estima \u201cun viento de Levante (ESE) con una intensidad de 12-17 nudos y marejada. El jueves se espera viento de Garb\u00ed (SSW) de 9-14 nudos de con marejadilla mezclada con ola de fondo. El viernes volver\u00eda a soplar Levante entre 10 y 16 nudos con marejada, mientras la jornada final del s\u00e1bado volver\u00e1 a rolar a Garb\u00ed, soplando de 9 a 14 nudos y de nuevo mar confuso con marejadilla de viento y ola de fondo de Levante\u201d.<\/p>\n","protected":false},"excerpt":{"rendered":"<p>Vanguardia y tradici\u00f3n n\u00e1utica se integran en unas jornadas irrepetibles sobre las aguas de Barcelona. \u2022 El izado de velas de la XVII Edici\u00f3n lo llevar\u00e1 a cabo ma\u00f1ana la m\u00edtica clase 12M, \u201clos cl\u00e1sicos\u201d de la America\u00b4s Cup, compitiendo en la que ser\u00e1 la primera jornada de la regata. \u2022 La Puig Vela Cl\u00e0ssica [&hellip;]<\/p>\n","protected":false},"author":1,"featured_media":7979,"comment_status":"closed","ping_status":"closed","sticky":false,"template":"","format":"standard","meta":{"_acf_changed":false,"footnotes":""},"categories":[1],"class_list":["post-7984","post","type-post","status-publish","format-standard","has-post-thumbnail","hentry","category-archive"],"acf":[],"yoast_head":"<!-- This site is optimized with the Yoast SEO plugin v25.6 - https:\/\/yoast.com\/wordpress\/plugins\/seo\/ -->\n<title>Larga amarras la 17\u00aa edici\u00f3n de la regata Puig Vela Cl\u00e0ssica - Puig Vela Cl\u00e0ssica Barcelona<\/title>\n<meta name=\"description\" content=\"Ma\u00f1ana arranca la XVII Edici\u00f3n de la Regata Puig Vela Cl\u00e0ssica Barcelona, \u200b\u200bla cita de referencia de la vela cl\u00e1sica en el Mediterr\u00e1neo\" \/>\n<meta name=\"robots\" content=\"index, follow, max-snippet:-1, max-image-preview:large, max-video-preview:-1\" \/>\n<link rel=\"canonical\" href=\"https:\/\/www.puigvelaclassicabarcelona.com\/es\/17a-edicion-de-la-regata-puig-vela-classica\/\" \/>\n<meta property=\"og:locale\" content=\"es_ES\" \/>\n<meta property=\"og:type\" content=\"article\" \/>\n<meta property=\"og:title\" content=\"Larga amarras la 17\u00aa edici\u00f3n de la regata Puig Vela Cl\u00e0ssica - Puig Vela Cl\u00e0ssica Barcelona\" \/>\n<meta property=\"og:description\" content=\"Ma\u00f1ana arranca la XVII Edici\u00f3n de la Regata Puig Vela Cl\u00e0ssica Barcelona, \u200b\u200bla cita de referencia de la vela cl\u00e1sica en el Mediterr\u00e1neo\" \/>\n<meta property=\"og:url\" content=\"https:\/\/www.puigvelaclassicabarcelona.com\/es\/17a-edicion-de-la-regata-puig-vela-classica\/\" \/>\n<meta property=\"og:site_name\" content=\"Puig Vela Cl\u00e0ssica Barcelona\" \/>\n<meta property=\"article:published_time\" content=\"2024-09-03T13:02:17+00:00\" \/>\n<meta property=\"article:modified_time\" content=\"2024-09-03T13:07:55+00:00\" \/>\n<meta property=\"og:image\" content=\"https:\/\/hundreds-wordpress-uploads.s3.amazonaws.com\/velaclassica\/uploads\/2024\/09\/Photo-by-Nico-Martinez-2.jpg\" \/>\n\t<meta property=\"og:image:width\" content=\"998\" \/>\n\t<meta property=\"og:image:height\" content=\"762\" \/>\n\t<meta property=\"og:image:type\" content=\"image\/jpeg\" \/>\n<meta name=\"author\" content=\"velaclassica\" \/>\n<meta name=\"twitter:card\" content=\"summary_large_image\" \/>\n<meta name=\"twitter:label1\" content=\"Escrito por\" \/>\n\t<meta name=\"twitter:data1\" content=\"velaclassica\" \/>\n\t<meta name=\"twitter:label2\" content=\"Tiempo de lectura\" \/>\n\t<meta name=\"twitter:data2\" content=\"6 minutos\" \/>\n<script type=\"application\/ld+json\" class=\"yoast-schema-graph\">{\"@context\":\"https:\/\/schema.org\",\"@graph\":[{\"@type\":\"WebPage\",\"@id\":\"https:\/\/www.puigvelaclassicabarcelona.com\/es\/17a-edicion-de-la-regata-puig-vela-classica\/\",\"url\":\"https:\/\/www.puigvelaclassicabarcelona.com\/es\/17a-edicion-de-la-regata-puig-vela-classica\/\",\"name\":\"Larga amarras la 17\u00aa edici\u00f3n de la regata Puig Vela Cl\u00e0ssica - Puig Vela Cl\u00e0ssica Barcelona\",\"isPartOf\":{\"@id\":\"https:\/\/mail.puigvelaclasica.com\/es\/#website\"},\"primaryImageOfPage\":{\"@id\":\"https:\/\/www.puigvelaclassicabarcelona.com\/es\/17a-edicion-de-la-regata-puig-vela-classica\/#primaryimage\"},\"image\":{\"@id\":\"https:\/\/www.puigvelaclassicabarcelona.com\/es\/17a-edicion-de-la-regata-puig-vela-classica\/#primaryimage\"},\"thumbnailUrl\":\"https:\/\/hundreds-wordpress-uploads.s3.amazonaws.com\/velaclassica\/uploads\/2024\/09\/Photo-by-Nico-Martinez-2.jpg\",\"datePublished\":\"2024-09-03T13:02:17+00:00\",\"dateModified\":\"2024-09-03T13:07:55+00:00\",\"author\":{\"@id\":\"https:\/\/mail.puigvelaclasica.com\/es\/#\/schema\/person\/0f1f6cd6f23050a19e91a3003de34c7e\"},\"description\":\"Ma\u00f1ana arranca la XVII Edici\u00f3n de la Regata Puig Vela Cl\u00e0ssica Barcelona, \u200b\u200bla cita de referencia de la vela cl\u00e1sica en el Mediterr\u00e1neo\",\"breadcrumb\":{\"@id\":\"https:\/\/www.puigvelaclassicabarcelona.com\/es\/17a-edicion-de-la-regata-puig-vela-classica\/#breadcrumb\"},\"inLanguage\":\"es\",\"potentialAction\":[{\"@type\":\"ReadAction\",\"target\":[\"https:\/\/www.puigvelaclassicabarcelona.com\/es\/17a-edicion-de-la-regata-puig-vela-classica\/\"]}]},{\"@type\":\"ImageObject\",\"inLanguage\":\"es\",\"@id\":\"https:\/\/www.puigvelaclassicabarcelona.com\/es\/17a-edicion-de-la-regata-puig-vela-classica\/#primaryimage\",\"url\":\"https:\/\/hundreds-wordpress-uploads.s3.amazonaws.com\/velaclassica\/uploads\/2024\/09\/Photo-by-Nico-Martinez-2.jpg\",\"contentUrl\":\"https:\/\/hundreds-wordpress-uploads.s3.amazonaws.com\/velaclassica\/uploads\/2024\/09\/Photo-by-Nico-Martinez-2.jpg\",\"width\":998,\"height\":762,\"caption\":\"17th edition of the Puig Vela Cl\u00e0ssica\"},{\"@type\":\"BreadcrumbList\",\"@id\":\"https:\/\/www.puigvelaclassicabarcelona.com\/es\/17a-edicion-de-la-regata-puig-vela-classica\/#breadcrumb\",\"itemListElement\":[{\"@type\":\"ListItem\",\"position\":1,\"name\":\"Home\",\"item\":\"https:\/\/mail.puigvelaclasica.com\/es\/\"},{\"@type\":\"ListItem\",\"position\":2,\"name\":\"Larga amarras la 17\u00aa edici\u00f3n de la regata Puig Vela Cl\u00e0ssica\"}]},{\"@type\":\"WebSite\",\"@id\":\"https:\/\/mail.puigvelaclasica.com\/es\/#website\",\"url\":\"https:\/\/mail.puigvelaclasica.com\/es\/\",\"name\":\"Puig Vela Cl\u00e0ssica Barcelona\",\"description\":\"\",\"potentialAction\":[{\"@type\":\"SearchAction\",\"target\":{\"@type\":\"EntryPoint\",\"urlTemplate\":\"https:\/\/mail.puigvelaclasica.com\/es\/?s={search_term_string}\"},\"query-input\":{\"@type\":\"PropertyValueSpecification\",\"valueRequired\":true,\"valueName\":\"search_term_string\"}}],\"inLanguage\":\"es\"},{\"@type\":\"Person\",\"@id\":\"https:\/\/mail.puigvelaclasica.com\/es\/#\/schema\/person\/0f1f6cd6f23050a19e91a3003de34c7e\",\"name\":\"velaclassica\",\"image\":{\"@type\":\"ImageObject\",\"inLanguage\":\"es\",\"@id\":\"https:\/\/mail.puigvelaclasica.com\/es\/#\/schema\/person\/image\/\",\"url\":\"https:\/\/secure.gravatar.com\/avatar\/18a97ff0e5d67038bad233b79246a7f922424d224871d207487c88e471e664c2?s=96&d=mm&r=g\",\"contentUrl\":\"https:\/\/secure.gravatar.com\/avatar\/18a97ff0e5d67038bad233b79246a7f922424d224871d207487c88e471e664c2?s=96&d=mm&r=g\",\"caption\":\"velaclassica\"},\"sameAs\":[\"https:\/\/puigvelaclassica.com\/\"],\"url\":\"https:\/\/www.puigvelaclassicabarcelona.com\/es\/author\/velaclassica\/\"}]}<\/script>\n<!-- \/ Yoast SEO plugin. -->","yoast_head_json":{"title":"Larga amarras la 17\u00aa edici\u00f3n de la regata Puig Vela Cl\u00e0ssica - Puig Vela Cl\u00e0ssica Barcelona","description":"Ma\u00f1ana arranca la XVII Edici\u00f3n de la Regata Puig Vela Cl\u00e0ssica Barcelona, \u200b\u200bla cita de referencia de la vela cl\u00e1sica en el Mediterr\u00e1neo","robots":{"index":"index","follow":"follow","max-snippet":"max-snippet:-1","max-image-preview":"max-image-preview:large","max-video-preview":"max-video-preview:-1"},"canonical":"https:\/\/www.puigvelaclassicabarcelona.com\/es\/17a-edicion-de-la-regata-puig-vela-classica\/","og_locale":"es_ES","og_type":"article","og_title":"Larga amarras la 17\u00aa edici\u00f3n de la regata Puig Vela Cl\u00e0ssica - Puig Vela Cl\u00e0ssica Barcelona","og_description":"Ma\u00f1ana arranca la XVII Edici\u00f3n de la Regata Puig Vela Cl\u00e0ssica Barcelona, \u200b\u200bla cita de referencia de la vela cl\u00e1sica en el Mediterr\u00e1neo","og_url":"https:\/\/www.puigvelaclassicabarcelona.com\/es\/17a-edicion-de-la-regata-puig-vela-classica\/","og_site_name":"Puig Vela Cl\u00e0ssica Barcelona","article_published_time":"2024-09-03T13:02:17+00:00","article_modified_time":"2024-09-03T13:07:55+00:00","og_image":[{"width":998,"height":762,"url":"https:\/\/hundreds-wordpress-uploads.s3.amazonaws.com\/velaclassica\/uploads\/2024\/09\/Photo-by-Nico-Martinez-2.jpg","type":"image\/jpeg"}],"author":"velaclassica","twitter_card":"summary_large_image","twitter_misc":{"Escrito por":"velaclassica","Tiempo de lectura":"6 minutos"},"schema":{"@context":"https:\/\/schema.org","@graph":[{"@type":"WebPage","@id":"https:\/\/www.puigvelaclassicabarcelona.com\/es\/17a-edicion-de-la-regata-puig-vela-classica\/","url":"https:\/\/www.puigvelaclassicabarcelona.com\/es\/17a-edicion-de-la-regata-puig-vela-classica\/","name":"Larga amarras la 17\u00aa edici\u00f3n de la regata Puig Vela Cl\u00e0ssica - Puig Vela Cl\u00e0ssica Barcelona","isPartOf":{"@id":"https:\/\/mail.puigvelaclasica.com\/es\/#website"},"primaryImageOfPage":{"@id":"https:\/\/www.puigvelaclassicabarcelona.com\/es\/17a-edicion-de-la-regata-puig-vela-classica\/#primaryimage"},"image":{"@id":"https:\/\/www.puigvelaclassicabarcelona.com\/es\/17a-edicion-de-la-regata-puig-vela-classica\/#primaryimage"},"thumbnailUrl":"https:\/\/hundreds-wordpress-uploads.s3.amazonaws.com\/velaclassica\/uploads\/2024\/09\/Photo-by-Nico-Martinez-2.jpg","datePublished":"2024-09-03T13:02:17+00:00","dateModified":"2024-09-03T13:07:55+00:00","author":{"@id":"https:\/\/mail.puigvelaclasica.com\/es\/#\/schema\/person\/0f1f6cd6f23050a19e91a3003de34c7e"},"description":"Ma\u00f1ana arranca la XVII Edici\u00f3n de la Regata Puig Vela Cl\u00e0ssica Barcelona, \u200b\u200bla cita de referencia de la vela cl\u00e1sica en el Mediterr\u00e1neo","breadcrumb":{"@id":"https:\/\/www.puigvelaclassicabarcelona.com\/es\/17a-edicion-de-la-regata-puig-vela-classica\/#breadcrumb"},"inLanguage":"es","potentialAction":[{"@type":"ReadAction","target":["https:\/\/www.puigvelaclassicabarcelona.com\/es\/17a-edicion-de-la-regata-puig-vela-classica\/"]}]},{"@type":"ImageObject","inLanguage":"es","@id":"https:\/\/www.puigvelaclassicabarcelona.com\/es\/17a-edicion-de-la-regata-puig-vela-classica\/#primaryimage","url":"https:\/\/hundreds-wordpress-uploads.s3.amazonaws.com\/velaclassica\/uploads\/2024\/09\/Photo-by-Nico-Martinez-2.jpg","contentUrl":"https:\/\/hundreds-wordpress-uploads.s3.amazonaws.com\/velaclassica\/uploads\/2024\/09\/Photo-by-Nico-Martinez-2.jpg","width":998,"height":762,"caption":"17th edition of the Puig Vela Cl\u00e0ssica"},{"@type":"BreadcrumbList","@id":"https:\/\/www.puigvelaclassicabarcelona.com\/es\/17a-edicion-de-la-regata-puig-vela-classica\/#breadcrumb","itemListElement":[{"@type":"ListItem","position":1,"name":"Home","item":"https:\/\/mail.puigvelaclasica.com\/es\/"},{"@type":"ListItem","position":2,"name":"Larga amarras la 17\u00aa edici\u00f3n de la regata Puig Vela Cl\u00e0ssica"}]},{"@type":"WebSite","@id":"https:\/\/mail.puigvelaclasica.com\/es\/#website","url":"https:\/\/mail.puigvelaclasica.com\/es\/","name":"Puig Vela Cl\u00e0ssica Barcelona","description":"","potentialAction":[{"@type":"SearchAction","target":{"@type":"EntryPoint","urlTemplate":"https:\/\/mail.puigvelaclasica.com\/es\/?s={search_term_string}"},"query-input":{"@type":"PropertyValueSpecification","valueRequired":true,"valueName":"search_term_string"}}],"inLanguage":"es"},{"@type":"Person","@id":"https:\/\/mail.puigvelaclasica.com\/es\/#\/schema\/person\/0f1f6cd6f23050a19e91a3003de34c7e","name":"velaclassica","image":{"@type":"ImageObject","inLanguage":"es","@id":"https:\/\/mail.puigvelaclasica.com\/es\/#\/schema\/person\/image\/","url":"https:\/\/secure.gravatar.com\/avatar\/18a97ff0e5d67038bad233b79246a7f922424d224871d207487c88e471e664c2?s=96&d=mm&r=g","contentUrl":"https:\/\/secure.gravatar.com\/avatar\/18a97ff0e5d67038bad233b79246a7f922424d224871d207487c88e471e664c2?s=96&d=mm&r=g","caption":"velaclassica"},"sameAs":["https:\/\/puigvelaclassica.com\/"],"url":"https:\/\/www.puigvelaclassicabarcelona.com\/es\/author\/velaclassica\/"}]}},"_links":{"self":[{"href":"https:\/\/www.puigvelaclassicabarcelona.com\/es\/wp-json\/wp\/v2\/posts\/7984","targetHints":{"allow":["GET"]}}],"collection":[{"href":"https:\/\/www.puigvelaclassicabarcelona.com\/es\/wp-json\/wp\/v2\/posts"}],"about":[{"href":"https:\/\/www.puigvelaclassicabarcelona.com\/es\/wp-json\/wp\/v2\/types\/post"}],"author":[{"embeddable":true,"href":"https:\/\/www.puigvelaclassicabarcelona.com\/es\/wp-json\/wp\/v2\/users\/1"}],"replies":[{"embeddable":true,"href":"https:\/\/www.puigvelaclassicabarcelona.com\/es\/wp-json\/wp\/v2\/comments?post=7984"}],"version-history":[{"count":3,"href":"https:\/\/www.puigvelaclassicabarcelona.com\/es\/wp-json\/wp\/v2\/posts\/7984\/revisions"}],"predecessor-version":[{"id":7987,"href":"https:\/\/www.puigvelaclassicabarcelona.com\/es\/wp-json\/wp\/v2\/posts\/7984\/revisions\/7987"}],"wp:featuredmedia":[{"embeddable":true,"href":"https:\/\/www.puigvelaclassicabarcelona.com\/es\/wp-json\/wp\/v2\/media\/7979"}],"wp:attachment":[{"href":"https:\/\/www.puigvelaclassicabarcelona.com\/es\/wp-json\/wp\/v2\/media?parent=7984"}],"wp:term":[{"taxonomy":"category","embeddable":true,"href":"https:\/\/www.puigvelaclassicabarcelona.com\/es\/wp-json\/wp\/v2\/categories?post=7984"}],"curies":[{"name":"wp","href":"https:\/\/api.w.org\/{rel}","templated":true}]}}